{"id":1610,"date":"2010-05-26T21:35:52","date_gmt":"2010-05-26T21:35:52","guid":{"rendered":"http:\/\/www.dispatchbox.net\/?p=1610"},"modified":"2012-04-17T06:33:01","modified_gmt":"2012-04-17T06:33:01","slug":"montreal-grande-bibliotheque","status":"publish","type":"post","link":"https:\/\/www.dispatchbox.net\/index.php\/2010\/05\/26\/montreal-grande-bibliotheque\/","title":{"rendered":"Montr\u00e9al, Grande Biblioth\u00e8que"},"content":{"rendered":"<p>La Grande Biblio\u00adth\u00e8que de Mont\u00adr\u00e9al vient de f\u00eater ses 5 ans. Elle est la biblio\u00adth\u00e8que la plus visi\u00adt\u00e9e de toute le monde fran\u00adco\u00adphone, chose peu sur\u00adpre\u00adnante au vu de ses mis\u00adsions qui sont tout \u00e0 fait com\u00adpa\u00adrables \u00e0 celle de la BNF \u00e0 Paris, si l\u2019on excepte qu\u2019elle coop\u00e8re direc\u00adte\u00adment au sein de la Biblio\u00adth\u00e8que natio\u00adnale et archives du Qu\u00e9\u00adbec (BAnQ, en effet, de l\u2019autre c\u00f4t\u00e9 de l\u2019At\u00adlan\u00adtique ces deux \u201ccorps\u201d pro\u00adfes\u00adsion\u00adnels sont moins dis\u00adtincts qu\u2019en France) avec le sec\u00adteur archives et patri\u00admoine&nbsp;; et que par ailleurs elle auto\u00adrise le pr\u00eat de docu\u00adments (un peu comme si le haut-de-jar\u00addin de la BNF auto\u00adri\u00adsait la sor\u00adtie de documents).<\/p>\n<p>L\u2019an\u00adt\u00e9\u00adc\u00e9\u00addent fran\u00ad\u00e7ais BNF, sou\u00advent jug\u00e9 comme un \u00e9chec, a d\u00e9cha\u00ee\u00adn\u00e9 les pas\u00adsions au cours du pro\u00adjet de construc\u00adtion de la GBQ, <a href=\"http:\/\/www.banq.qc.ca\/nouvelles\/video-5e-anniversaire.html\">comme en t\u00e9moignent cer\u00adtains acteurs du pro\u00adjet<\/a>.<\/p>\n<p>La pho\u00adto\u00adgra\u00adphie qui suit date de mon r\u00e9cent voyage, sur le bou\u00adle\u00advard de Mai\u00adson\u00adneuve-Est \u00e0 Montr\u00e9al.<\/p>\n<p><a style=\"text-decoration: none;\" href=\"http:\/\/www.dispatchbox.net\/wp-content\/GBMONTREAL.jpg\"><br style=\"text-decoration: underline;\"><\/a><span style=\"color: #000000;\"><a href=\"http:\/\/www.dispatchbox.net\/wp-content\/bib5ansGBQ.jpg\"><img fetchpriority=\"high\" decoding=\"async\" data-attachment-id=\"1684\" data-permalink=\"https:\/\/www.dispatchbox.net\/index.php\/2010\/05\/26\/montreal-grande-bibliotheque\/bib5ansgbq\/\" data-orig-file=\"https:\/\/www.dispatchbox.net\/wp-content\/bib5ansGBQ.jpg\" data-orig-size=\"600,800\" data-comments-opened=\"1\" data-image-meta=\"{&quot;aperture&quot;:&quot;4.2&quot;,&quot;credit&quot;:&quot;&quot;,&quot;camera&quot;:&quot;DSC-W180&quot;,&quot;caption&quot;:&quot;&quot;,&quot;created_timestamp&quot;:&quot;1273868998&quot;,&quot;copyright&quot;:&quot;&quot;,&quot;focal_length&quot;:&quot;11.2&quot;,&quot;iso&quot;:&quot;125&quot;,&quot;shutter_speed&quot;:&quot;0.016666666666667&quot;,&quot;title&quot;:&quot;&quot;}\" data-image-title=\"GBQ\" data-image-description data-image-caption data-large-file=\"https:\/\/www.dispatchbox.net\/wp-content\/bib5ansGBQ.jpg\" class=\"aligncenter size-full wp-image-1684\" title=\"GBQ\" src=\"http:\/\/www.dispatchbox.net\/wp-content\/bib5ansGBQ.jpg\" alt width=\"600\" height=\"800\" srcset=\"https:\/\/www.dispatchbox.net\/wp-content\/bib5ansGBQ.jpg 600w, https:\/\/www.dispatchbox.net\/wp-content\/bib5ansGBQ-225x300.jpg 225w\" sizes=\"(max-width: 600px) 100vw, 600px\"><\/a><br>\n<\/span><img decoding=\"async\" data-attachment-id=\"1611\" data-permalink=\"https:\/\/www.dispatchbox.net\/index.php\/2010\/05\/26\/montreal-grande-bibliotheque\/gbmontreal\/\" data-orig-file=\"https:\/\/www.dispatchbox.net\/wp-content\/GBMONTREAL.jpg\" data-orig-size=\"600,800\" data-comments-opened=\"1\" data-image-meta=\"{&quot;aperture&quot;:&quot;8.4&quot;,&quot;credit&quot;:&quot;&quot;,&quot;camera&quot;:&quot;DSC-W180&quot;,&quot;caption&quot;:&quot;&quot;,&quot;created_timestamp&quot;:&quot;1274042075&quot;,&quot;copyright&quot;:&quot;&quot;,&quot;focal_length&quot;:&quot;14&quot;,&quot;iso&quot;:&quot;100&quot;,&quot;shutter_speed&quot;:&quot;0.004&quot;,&quot;title&quot;:&quot;&quot;}\" data-image-title=\"Grande Biblioth\u00e8que de Montr\u00e9al\" data-image-description data-image-caption data-large-file=\"https:\/\/www.dispatchbox.net\/wp-content\/GBMONTREAL.jpg\" class=\"aligncenter size-full wp-image-1611\" style=\"text-decoration: underline;\" title=\"Grande Biblioth\u00e8que de Montr\u00e9al\" src=\"http:\/\/www.dispatchbox.net\/wp-content\/GBMONTREAL.jpg\" alt width=\"600\" height=\"800\" srcset=\"https:\/\/www.dispatchbox.net\/wp-content\/GBMONTREAL.jpg 600w, https:\/\/www.dispatchbox.net\/wp-content\/GBMONTREAL-225x300.jpg 225w\" sizes=\"(max-width: 600px) 100vw, 600px\"><\/p>\n","protected":false},"excerpt":{"rendered":"<p>La Grande Biblio\u00adth\u00e8que de Mont\u00adr\u00e9al vient de f\u00eater ses 5 ans. Elle est la biblio\u00adth\u00e8que la plus visi\u00adt\u00e9e de toute le monde fran\u00adco\u00adphone, chose peu sur\u00adpre\u00adnante au vu de ses mis\u00adsions qui sont tout \u00e0 fait com\u00adpa\u00adrables \u00e0 celle de la BNF \u00e0 Paris, si l\u2019on excepte qu\u2019elle coop\u00e8re direc\u00adte\u00adment au sein de la Biblio\u00adth\u00e8que natio\u00adnale et archives du Qu\u00e9\u00adbec (BAnQ, en effet, de l\u2019autre c\u00f4t\u00e9 de l\u2019At\u00adlan\u00adtique ces deux \u201ccorps\u201d pro\u00adfes\u00adsion\u00adnels sont moins dis\u00adtincts qu\u2019en France) avec le sec\u00adteur archives et patri\u00admoine&nbsp;; et que par ailleurs elle auto\u00adrise le pr\u00eat de docu\u00adments (un peu comme si le haut-de-jar\u00ad\u00addin de la BNF auto\u00adri\u00adsait la sor\u00adtie de docu\u00adments). L\u2019an\u00adt\u00e9\u00adc\u00e9\u00addent fran\u00ad\u00e7ais BNF, sou\u00advent jug\u00e9 comme un \u00e9chec, a d\u00e9cha\u00ee\u00adn\u00e9 les pas\u00adsions au cours du pro\u00adjet de construc\u00adtion de la GBQ, comme en t\u00e9moignent cer\u00adtains acteurs du pro\u00adjet. La pho\u00adto\u00adgra\u00adphie qui suit date de mon r\u00e9cent voyage, sur le bou\u00adle\u00advard de Mai\u00ad\u00adson\u00ad\u00adneuve-Est \u00e0 Montr\u00e9al.<\/p>\n","protected":false},"author":9,"featured_media":0,"comment_status":"open","ping_status":"open","sticky":false,"template":"","format":"standard","meta":{"wp_typography_post_enhancements_disabled":false,"_s2mail":"yes","_jetpack_newsletter_access":"","_jetpack_dont_email_post_to_subs":false,"_jetpack_newsletter_tier_id":0,"_jetpack_memberships_contains_paywalled_content":false,"_jetpack_memberships_contains_paid_content":false,"footnotes":""},"categories":[7],"tags":[],"class_list":["post-1610","post","type-post","status-publish","format-standard","hentry","category-bibliotheques"],"yoast_head":"<!-- This site is optimized with the Yoast SEO plugin v27.4 - https:\/\/yoast.com\/product\/yoast-seo-wordpress\/ -->\n<title>Montr\u00e9al, Grande Biblioth\u00e8que - Dispatch\/Box<\/title>\n<meta name=\"robots\" content=\"index, follow, max-snippet:-1, max-image-preview:large, max-video-preview:-1\" \/>\n<link rel=\"canonical\" href=\"https:\/\/www.dispatchbox.net\/index.php\/2010\/05\/26\/montreal-grande-bibliotheque\/\" \/>\n<meta property=\"og:locale\" content=\"fr_FR\" \/>\n<meta property=\"og:type\" content=\"article\" \/>\n<meta property=\"og:title\" content=\"Montr\u00e9al, Grande Biblioth\u00e8que - Dispatch\/Box\" \/>\n<meta property=\"og:description\" content=\"La Grande Biblio\u00adth\u00e8que de Mont\u00adr\u00e9al vient de f\u00eater ses 5 ans. Elle est la biblio\u00adth\u00e8que la plus visi\u00adt\u00e9e de toute le monde fran\u00adco\u00adphone, chose peu sur\u00adpre\u00adnante au vu de ses mis\u00adsions qui sont tout \u00e0 fait com\u00adpa\u00adrables \u00e0 celle de la BNF \u00e0 Paris, si l\u2019on excepte qu\u2019elle coop\u00e8re direc\u00adte\u00adment au sein de la Biblio\u00adth\u00e8que natio\u00adnale et archives du Qu\u00e9\u00adbec (BAnQ, en effet, de l\u2019autre c\u00f4t\u00e9 de l\u2019At\u00adlan\u00adtique ces deux \u201ccorps\u201d pro\u00adfes\u00adsion\u00adnels sont moins dis\u00adtincts qu\u2019en France) avec le sec\u00adteur archives et patri\u00admoine&nbsp;; et que par ailleurs elle auto\u00adrise le pr\u00eat de docu\u00adments (un peu comme si le haut-de-jar\u00addin de la BNF auto\u00adri\u00adsait la sor\u00adtie de documents). L\u2019an\u00adt\u00e9\u00adc\u00e9\u00addent fran\u00ad\u00e7ais BNF, sou\u00advent jug\u00e9 comme un \u00e9chec, a d\u00e9cha\u00ee\u00adn\u00e9 les pas\u00adsions au cours du pro\u00adjet de construc\u00adtion de la GBQ, comme en t\u00e9moignent cer\u00adtains acteurs du pro\u00adjet. La pho\u00adto\u00adgra\u00adphie qui suit date de mon r\u00e9cent voyage, sur le bou\u00adle\u00advard de Mai\u00adson\u00adneuve-Est \u00e0 Montr\u00e9al.\" \/>\n<meta property=\"og:url\" content=\"https:\/\/www.dispatchbox.net\/index.php\/2010\/05\/26\/montreal-grande-bibliotheque\/\" \/>\n<meta property=\"og:site_name\" content=\"Dispatch\/Box\" \/>\n<meta property=\"article:published_time\" content=\"2010-05-26T21:35:52+00:00\" \/>\n<meta property=\"article:modified_time\" content=\"2012-04-17T06:33:01+00:00\" \/>\n<meta property=\"og:image\" content=\"http:\/\/www.dispatchbox.net\/wp-content\/bib5ansGBQ.jpg\" \/>\n<meta name=\"author\" content=\"Jeremy Jeanguenin\" \/>\n<meta name=\"twitter:card\" content=\"summary_large_image\" \/>\n<meta name=\"twitter:creator\" content=\"@dispatch_box\" \/>\n<meta name=\"twitter:site\" content=\"@dispatch_box\" \/>\n<meta name=\"twitter:label1\" content=\"\u00c9crit par\" \/>\n\t<meta name=\"twitter:data1\" content=\"Jeremy Jeanguenin\" \/>\n\t<meta name=\"twitter:label2\" content=\"Dur\u00e9e de lecture estim\u00e9e\" \/>\n\t<meta name=\"twitter:data2\" content=\"1 minute\" \/>\n<script type=\"application\/ld+json\" class=\"yoast-schema-graph\">{\"@context\":\"https:\\\/\\\/schema.org\",\"@graph\":[{\"@type\":\"Article\",\"@id\":\"https:\\\/\\\/www.dispatchbox.net\\\/index.php\\\/2010\\\/05\\\/26\\\/montreal-grande-bibliotheque\\\/#article\",\"isPartOf\":{\"@id\":\"https:\\\/\\\/www.dispatchbox.net\\\/index.php\\\/2010\\\/05\\\/26\\\/montreal-grande-bibliotheque\\\/\"},\"author\":{\"name\":\"Jeremy Jeanguenin\",\"@id\":\"https:\\\/\\\/www.dispatchbox.net\\\/#\\\/schema\\\/person\\\/9db7c9c41e0594fa08428d8b7007e253\"},\"headline\":\"Montr\u00e9al, Grande Biblioth\u00e8que\",\"datePublished\":\"2010-05-26T21:35:52+00:00\",\"dateModified\":\"2012-04-17T06:33:01+00:00\",\"mainEntityOfPage\":{\"@id\":\"https:\\\/\\\/www.dispatchbox.net\\\/index.php\\\/2010\\\/05\\\/26\\\/montreal-grande-bibliotheque\\\/\"},\"wordCount\":175,\"commentCount\":0,\"image\":{\"@id\":\"https:\\\/\\\/www.dispatchbox.net\\\/index.php\\\/2010\\\/05\\\/26\\\/montreal-grande-bibliotheque\\\/#primaryimage\"},\"thumbnailUrl\":\"http:\\\/\\\/www.dispatchbox.net\\\/wp-content\\\/bib5ansGBQ.jpg\",\"articleSection\":[\"Biblioth\u00e8ques\"],\"inLanguage\":\"fr-FR\",\"potentialAction\":[{\"@type\":\"CommentAction\",\"name\":\"Comment\",\"target\":[\"https:\\\/\\\/www.dispatchbox.net\\\/index.php\\\/2010\\\/05\\\/26\\\/montreal-grande-bibliotheque\\\/#respond\"]}]},{\"@type\":\"WebPage\",\"@id\":\"https:\\\/\\\/www.dispatchbox.net\\\/index.php\\\/2010\\\/05\\\/26\\\/montreal-grande-bibliotheque\\\/\",\"url\":\"https:\\\/\\\/www.dispatchbox.net\\\/index.php\\\/2010\\\/05\\\/26\\\/montreal-grande-bibliotheque\\\/\",\"name\":\"Montr\u00e9al, Grande Biblioth\u00e8que - Dispatch\\\/Box\",\"isPartOf\":{\"@id\":\"https:\\\/\\\/www.dispatchbox.net\\\/#website\"},\"primaryImageOfPage\":{\"@id\":\"https:\\\/\\\/www.dispatchbox.net\\\/index.php\\\/2010\\\/05\\\/26\\\/montreal-grande-bibliotheque\\\/#primaryimage\"},\"image\":{\"@id\":\"https:\\\/\\\/www.dispatchbox.net\\\/index.php\\\/2010\\\/05\\\/26\\\/montreal-grande-bibliotheque\\\/#primaryimage\"},\"thumbnailUrl\":\"http:\\\/\\\/www.dispatchbox.net\\\/wp-content\\\/bib5ansGBQ.jpg\",\"datePublished\":\"2010-05-26T21:35:52+00:00\",\"dateModified\":\"2012-04-17T06:33:01+00:00\",\"author\":{\"@id\":\"https:\\\/\\\/www.dispatchbox.net\\\/#\\\/schema\\\/person\\\/9db7c9c41e0594fa08428d8b7007e253\"},\"breadcrumb\":{\"@id\":\"https:\\\/\\\/www.dispatchbox.net\\\/index.php\\\/2010\\\/05\\\/26\\\/montreal-grande-bibliotheque\\\/#breadcrumb\"},\"inLanguage\":\"fr-FR\",\"potentialAction\":[{\"@type\":\"ReadAction\",\"target\":[\"https:\\\/\\\/www.dispatchbox.net\\\/index.php\\\/2010\\\/05\\\/26\\\/montreal-grande-bibliotheque\\\/\"]}]},{\"@type\":\"ImageObject\",\"inLanguage\":\"fr-FR\",\"@id\":\"https:\\\/\\\/www.dispatchbox.net\\\/index.php\\\/2010\\\/05\\\/26\\\/montreal-grande-bibliotheque\\\/#primaryimage\",\"url\":\"http:\\\/\\\/www.dispatchbox.net\\\/wp-content\\\/bib5ansGBQ.jpg\",\"contentUrl\":\"http:\\\/\\\/www.dispatchbox.net\\\/wp-content\\\/bib5ansGBQ.jpg\"},{\"@type\":\"BreadcrumbList\",\"@id\":\"https:\\\/\\\/www.dispatchbox.net\\\/index.php\\\/2010\\\/05\\\/26\\\/montreal-grande-bibliotheque\\\/#breadcrumb\",\"itemListElement\":[{\"@type\":\"ListItem\",\"position\":1,\"name\":\"Accueil\",\"item\":\"https:\\\/\\\/www.dispatchbox.net\\\/\"},{\"@type\":\"ListItem\",\"position\":2,\"name\":\"Montr\u00e9al, Grande Biblioth\u00e8que\"}]},{\"@type\":\"WebSite\",\"@id\":\"https:\\\/\\\/www.dispatchbox.net\\\/#website\",\"url\":\"https:\\\/\\\/www.dispatchbox.net\\\/\",\"name\":\"Dispatch\\\/Box\",\"description\":\"Fr\u00e9quences, traces\",\"potentialAction\":[{\"@type\":\"SearchAction\",\"target\":{\"@type\":\"EntryPoint\",\"urlTemplate\":\"https:\\\/\\\/www.dispatchbox.net\\\/?s={search_term_string}\"},\"query-input\":{\"@type\":\"PropertyValueSpecification\",\"valueRequired\":true,\"valueName\":\"search_term_string\"}}],\"inLanguage\":\"fr-FR\"},{\"@type\":\"Person\",\"@id\":\"https:\\\/\\\/www.dispatchbox.net\\\/#\\\/schema\\\/person\\\/9db7c9c41e0594fa08428d8b7007e253\",\"name\":\"Jeremy Jeanguenin\",\"image\":{\"@type\":\"ImageObject\",\"inLanguage\":\"fr-FR\",\"@id\":\"https:\\\/\\\/secure.gravatar.com\\\/avatar\\\/98e01d167bac107d0cfb72961cbd217cb5ed9cb0ae7af475c17cb6b1a005d01f?s=96&d=mm&r=g\",\"url\":\"https:\\\/\\\/secure.gravatar.com\\\/avatar\\\/98e01d167bac107d0cfb72961cbd217cb5ed9cb0ae7af475c17cb6b1a005d01f?s=96&d=mm&r=g\",\"contentUrl\":\"https:\\\/\\\/secure.gravatar.com\\\/avatar\\\/98e01d167bac107d0cfb72961cbd217cb5ed9cb0ae7af475c17cb6b1a005d01f?s=96&d=mm&r=g\",\"caption\":\"Jeremy Jeanguenin\"},\"sameAs\":[\"http:\\\/\\\/www.dispatchbox.net\"],\"url\":\"https:\\\/\\\/www.dispatchbox.net\\\/index.php\\\/author\\\/admin-2\\\/\"}]}<\/script>\n<!-- \/ Yoast SEO plugin. -->","yoast_head_json":{"title":"Montr\u00e9al, Grande Biblioth\u00e8que - Dispatch\/Box","robots":{"index":"index","follow":"follow","max-snippet":"max-snippet:-1","max-image-preview":"max-image-preview:large","max-video-preview":"max-video-preview:-1"},"canonical":"https:\/\/www.dispatchbox.net\/index.php\/2010\/05\/26\/montreal-grande-bibliotheque\/","og_locale":"fr_FR","og_type":"article","og_title":"Montr\u00e9al, Grande Biblioth\u00e8que - Dispatch\/Box","og_description":"La Grande Biblio\u00adth\u00e8que de Mont\u00adr\u00e9al vient de f\u00eater ses 5 ans. Elle est la biblio\u00adth\u00e8que la plus visi\u00adt\u00e9e de toute le monde fran\u00adco\u00adphone, chose peu sur\u00adpre\u00adnante au vu de ses mis\u00adsions qui sont tout \u00e0 fait com\u00adpa\u00adrables \u00e0 celle de la BNF \u00e0 Paris, si l\u2019on excepte qu\u2019elle coop\u00e8re direc\u00adte\u00adment au sein de la Biblio\u00adth\u00e8que natio\u00adnale et archives du Qu\u00e9\u00adbec (BAnQ, en effet, de l\u2019autre c\u00f4t\u00e9 de l\u2019At\u00adlan\u00adtique ces deux \u201ccorps\u201d pro\u00adfes\u00adsion\u00adnels sont moins dis\u00adtincts qu\u2019en France) avec le sec\u00adteur archives et patri\u00admoine&nbsp;; et que par ailleurs elle auto\u00adrise le pr\u00eat de docu\u00adments (un peu comme si le haut-de-jar\u00addin de la BNF auto\u00adri\u00adsait la sor\u00adtie de documents). L\u2019an\u00adt\u00e9\u00adc\u00e9\u00addent fran\u00ad\u00e7ais BNF, sou\u00advent jug\u00e9 comme un \u00e9chec, a d\u00e9cha\u00ee\u00adn\u00e9 les pas\u00adsions au cours du pro\u00adjet de construc\u00adtion de la GBQ, comme en t\u00e9moignent cer\u00adtains acteurs du pro\u00adjet. La pho\u00adto\u00adgra\u00adphie qui suit date de mon r\u00e9cent voyage, sur le bou\u00adle\u00advard de Mai\u00adson\u00adneuve-Est \u00e0 Montr\u00e9al.","og_url":"https:\/\/www.dispatchbox.net\/index.php\/2010\/05\/26\/montreal-grande-bibliotheque\/","og_site_name":"Dispatch\/Box","article_published_time":"2010-05-26T21:35:52+00:00","article_modified_time":"2012-04-17T06:33:01+00:00","og_image":[{"url":"http:\/\/www.dispatchbox.net\/wp-content\/bib5ansGBQ.jpg","type":"","width":"","height":""}],"author":"Jeremy Jeanguenin","twitter_card":"summary_large_image","twitter_creator":"@dispatch_box","twitter_site":"@dispatch_box","twitter_misc":{"\u00c9crit par":"Jeremy Jeanguenin","Dur\u00e9e de lecture estim\u00e9e":"1 minute"},"schema":{"@context":"https:\/\/schema.org","@graph":[{"@type":"Article","@id":"https:\/\/www.dispatchbox.net\/index.php\/2010\/05\/26\/montreal-grande-bibliotheque\/#article","isPartOf":{"@id":"https:\/\/www.dispatchbox.net\/index.php\/2010\/05\/26\/montreal-grande-bibliotheque\/"},"author":{"name":"Jeremy Jeanguenin","@id":"https:\/\/www.dispatchbox.net\/#\/schema\/person\/9db7c9c41e0594fa08428d8b7007e253"},"headline":"Montr\u00e9al, Grande Biblioth\u00e8que","datePublished":"2010-05-26T21:35:52+00:00","dateModified":"2012-04-17T06:33:01+00:00","mainEntityOfPage":{"@id":"https:\/\/www.dispatchbox.net\/index.php\/2010\/05\/26\/montreal-grande-bibliotheque\/"},"wordCount":175,"commentCount":0,"image":{"@id":"https:\/\/www.dispatchbox.net\/index.php\/2010\/05\/26\/montreal-grande-bibliotheque\/#primaryimage"},"thumbnailUrl":"http:\/\/www.dispatchbox.net\/wp-content\/bib5ansGBQ.jpg","articleSection":["Biblioth\u00e8ques"],"inLanguage":"fr-FR","potentialAction":[{"@type":"CommentAction","name":"Comment","target":["https:\/\/www.dispatchbox.net\/index.php\/2010\/05\/26\/montreal-grande-bibliotheque\/#respond"]}]},{"@type":"WebPage","@id":"https:\/\/www.dispatchbox.net\/index.php\/2010\/05\/26\/montreal-grande-bibliotheque\/","url":"https:\/\/www.dispatchbox.net\/index.php\/2010\/05\/26\/montreal-grande-bibliotheque\/","name":"Montr\u00e9al, Grande Biblioth\u00e8que - Dispatch\/Box","isPartOf":{"@id":"https:\/\/www.dispatchbox.net\/#website"},"primaryImageOfPage":{"@id":"https:\/\/www.dispatchbox.net\/index.php\/2010\/05\/26\/montreal-grande-bibliotheque\/#primaryimage"},"image":{"@id":"https:\/\/www.dispatchbox.net\/index.php\/2010\/05\/26\/montreal-grande-bibliotheque\/#primaryimage"},"thumbnailUrl":"http:\/\/www.dispatchbox.net\/wp-content\/bib5ansGBQ.jpg","datePublished":"2010-05-26T21:35:52+00:00","dateModified":"2012-04-17T06:33:01+00:00","author":{"@id":"https:\/\/www.dispatchbox.net\/#\/schema\/person\/9db7c9c41e0594fa08428d8b7007e253"},"breadcrumb":{"@id":"https:\/\/www.dispatchbox.net\/index.php\/2010\/05\/26\/montreal-grande-bibliotheque\/#breadcrumb"},"inLanguage":"fr-FR","potentialAction":[{"@type":"ReadAction","target":["https:\/\/www.dispatchbox.net\/index.php\/2010\/05\/26\/montreal-grande-bibliotheque\/"]}]},{"@type":"ImageObject","inLanguage":"fr-FR","@id":"https:\/\/www.dispatchbox.net\/index.php\/2010\/05\/26\/montreal-grande-bibliotheque\/#primaryimage","url":"http:\/\/www.dispatchbox.net\/wp-content\/bib5ansGBQ.jpg","contentUrl":"http:\/\/www.dispatchbox.net\/wp-content\/bib5ansGBQ.jpg"},{"@type":"BreadcrumbList","@id":"https:\/\/www.dispatchbox.net\/index.php\/2010\/05\/26\/montreal-grande-bibliotheque\/#breadcrumb","itemListElement":[{"@type":"ListItem","position":1,"name":"Accueil","item":"https:\/\/www.dispatchbox.net\/"},{"@type":"ListItem","position":2,"name":"Montr\u00e9al, Grande Biblioth\u00e8que"}]},{"@type":"WebSite","@id":"https:\/\/www.dispatchbox.net\/#website","url":"https:\/\/www.dispatchbox.net\/","name":"Dispatch\/Box","description":"Fr\u00e9quences, traces","potentialAction":[{"@type":"SearchAction","target":{"@type":"EntryPoint","urlTemplate":"https:\/\/www.dispatchbox.net\/?s={search_term_string}"},"query-input":{"@type":"PropertyValueSpecification","valueRequired":true,"valueName":"search_term_string"}}],"inLanguage":"fr-FR"},{"@type":"Person","@id":"https:\/\/www.dispatchbox.net\/#\/schema\/person\/9db7c9c41e0594fa08428d8b7007e253","name":"Jeremy Jeanguenin","image":{"@type":"ImageObject","inLanguage":"fr-FR","@id":"https:\/\/secure.gravatar.com\/avatar\/98e01d167bac107d0cfb72961cbd217cb5ed9cb0ae7af475c17cb6b1a005d01f?s=96&d=mm&r=g","url":"https:\/\/secure.gravatar.com\/avatar\/98e01d167bac107d0cfb72961cbd217cb5ed9cb0ae7af475c17cb6b1a005d01f?s=96&d=mm&r=g","contentUrl":"https:\/\/secure.gravatar.com\/avatar\/98e01d167bac107d0cfb72961cbd217cb5ed9cb0ae7af475c17cb6b1a005d01f?s=96&d=mm&r=g","caption":"Jeremy Jeanguenin"},"sameAs":["http:\/\/www.dispatchbox.net"],"url":"https:\/\/www.dispatchbox.net\/index.php\/author\/admin-2\/"}]}},"jetpack_featured_media_url":"","acf":[],"jetpack_shortlink":"https:\/\/wp.me\/pyfbn-pY","jetpack_sharing_enabled":true,"jetpack-related-posts":[{"id":1755,"url":"https:\/\/www.dispatchbox.net\/index.php\/2010\/08\/13\/jaime-semprun-1947-2010\/","url_meta":{"origin":1610,"position":0},"title":"Jaime Semprun (1947\u200a\u2013\u200a2010)","author":"Jeremy Jeanguenin","date":"13\/08\/2010","format":false,"excerpt":"Mais quelques livres existent qui permettent d'apercevoir, comme en moins grand nombre certaines rencontres, un monde plus abouti que l'infecte d\u00e9composition pr\u00e9sente. Jaime Semprun s'est \u00e9teint le 3 ao\u00fbt 2010, dans la discr\u00e9tion qui caract\u00e9risait sa vie. Fils de l'\u00e9crivain Jorge Semprun, il fut l'un des derniers collaborateurs de Guy\u2026","rel":"","context":"Dans &quot;Biblioth\u00e8ques&quot;","block_context":{"text":"Biblioth\u00e8ques","link":"https:\/\/www.dispatchbox.net\/index.php\/category\/bibliotheques\/"},"img":{"alt_text":"","src":"https:\/\/i0.wp.com\/www.dispatchbox.net\/wp-content\/9782910386306.jpeg?resize=350%2C200","width":350,"height":200},"classes":[]},{"id":1595,"url":"https:\/\/www.dispatchbox.net\/index.php\/2010\/05\/29\/patrick-straram-indexindices\/","url_meta":{"origin":1610,"position":1},"title":"Patrick Straram, index\/indices","author":"Jeremy Jeanguenin","date":"29\/05\/2010","format":false,"excerpt":"Patrick Straram (Paris, 12 janvier 1934 \u2013 3 mars 1988) est un \u00e9crivain qu\u00e9b\u00e9cois d'origine fran\u00e7aise qui a particip\u00e9 \u00e0 l'aventure de l'internationale lettriste de 1950 \u00e0 1953. On lui doit, pass\u00e9e cette courte p\u00e9riode \u2013 mise en lumi\u00e8re \u00e0 partir de documents in\u00e9dits en 2006 dans une perspective de\u2026","rel":"","context":"Dans &quot;Art&quot;","block_context":{"text":"Art","link":"https:\/\/www.dispatchbox.net\/index.php\/category\/art\/"},"img":{"alt_text":"","src":"https:\/\/i0.wp.com\/www.dispatchbox.net\/wp-content\/Patrick_Straram.jpg?resize=350%2C200","width":350,"height":200},"classes":[]},{"id":10202,"url":"https:\/\/www.dispatchbox.net\/index.php\/2024\/02\/22\/jean-albany\/","url_meta":{"origin":1610,"position":2},"title":"Jean Albany","author":"Jeremy Jeanguenin","date":"22\/02\/2024","format":false,"excerpt":"Jean Albany (1917-1984) \u00e9tait un po\u00e8te et peintre r\u00e9unionnais. On lui doit l'invention de la notion de \"cr\u00e9olie\". Apr\u00e8s de brillantes \u00e9tudes en France m\u00e9tropolitaine \u00e0 partir de 1937 (Docteur en droit, puis m\u00e9decine et chirurgie dentaire) et une mobilisation en 1942, il reviendra sur son \u00eele de La R\u00e9union\u2026","rel":"","context":"Dans &quot;Musique&quot;","block_context":{"text":"Musique","link":"https:\/\/www.dispatchbox.net\/index.php\/category\/musique\/"},"img":{"alt_text":"","src":"","width":0,"height":0},"classes":[]},{"id":1702,"url":"https:\/\/www.dispatchbox.net\/index.php\/2010\/07\/13\/rintala-et-eggertsson-%e2%80%93-the-ark\/","url_meta":{"origin":1610,"position":3},"title":"Rintala et Eggertsson \u2013 The&nbsp;Ark","author":"Jeremy Jeanguenin","date":"13\/07\/2010","format":false,"excerpt":"Les architectes scandinaves Sami Rintala et Dagur Eggertsson exposent au Victoria & Albert Museum de Londres une installation qui tient autant du ch\u00e2teau de cartes ou de la pyramide d'allumettes que de la biblioth\u00e8que de Babel. \"The Ark\" est une \u00e9tag\u00e8re g\u00e9ante enti\u00e8rement constitu\u00e9e de pin, que l'ont visite par\u2026","rel":"","context":"Dans &quot;Architecture&quot;","block_context":{"text":"Architecture","link":"https:\/\/www.dispatchbox.net\/index.php\/category\/art\/architecture\/"},"img":{"alt_text":"","src":"https:\/\/i0.wp.com\/www.dispatchbox.net\/wp-content\/ark1.jpg?resize=350%2C200","width":350,"height":200,"srcset":"https:\/\/i0.wp.com\/www.dispatchbox.net\/wp-content\/ark1.jpg?resize=350%2C200 1x, https:\/\/i0.wp.com\/www.dispatchbox.net\/wp-content\/ark1.jpg?resize=525%2C300 1.5x"},"classes":[]},{"id":942,"url":"https:\/\/www.dispatchbox.net\/index.php\/2009\/09\/10\/georges-rouquier-a-la-cinematheque-francaise\/","url_meta":{"origin":1610,"position":4},"title":"Georges Rouquier \u00e0 la Cin\u00e9math\u00e8que fran\u00e7aise","author":"Jeremy Jeanguenin","date":"10\/09\/2009","format":false,"excerpt":"Georges Rouquier dont j'ai d\u00e9j\u00e0 parl\u00e9 l'an dernier, fait l'objet d'une r\u00e9trospective \u00e0 la Cin\u00e9math\u00e8que fran\u00e7aise de Bercy, du 18 au 30 novembre 2009. Belle occasion de renouer avec un cin\u00e9ma aux fronti\u00e8res du documentaire, qu'il s'agisse de longs m\u00e9trages comme \u00a0les indissociables et diachroniques\u00a0Farrebique (1946) et Biquefarre (1983), SOS\u2026","rel":"","context":"Dans &quot;Art&quot;","block_context":{"text":"Art","link":"https:\/\/www.dispatchbox.net\/index.php\/category\/art\/"},"img":{"alt_text":"Sc\u00e8ne de Farrebique (1946)","src":"https:\/\/i0.wp.com\/www.dispatchbox.net\/wp-content\/farrebique2-300x164.jpg?resize=350%2C200","width":350,"height":200},"classes":[]},{"id":3112,"url":"https:\/\/www.dispatchbox.net\/index.php\/2017\/07\/05\/for-once-in-my-life-stevie-wonder\/","url_meta":{"origin":1610,"position":5},"title":"For Once in my Life \/ Stevie Wonder","author":"Jeremy Jeanguenin","date":"05\/07\/2017","format":false,"excerpt":"Ce texte \u00e9tait initialement \u00e9crit pour le projet de frise 1967 - 2017 : 50 ans ! \u00e9labor\u00e9 par le r\u00e9seau des biblioth\u00e8ques parisiennes. Etant donn\u00e9 que l'album est sorti en 1968, il a \u00e9t\u00e9 retir\u00e9 du projet discographique. Je vous le propose tel quel, volontairement concis. Stevie Wonder For\u2026","rel":"","context":"Dans &quot;Figures De La Soul&quot;","block_context":{"text":"Figures De La Soul","link":"https:\/\/www.dispatchbox.net\/index.php\/category\/figures-de-la-soul\/"},"img":{"alt_text":"","src":"https:\/\/i0.wp.com\/www.dispatchbox.net\/wp-content\/R-3020804-1422913032-9574.jpeg-300x300.jpg?resize=350%2C200","width":350,"height":200},"classes":[]}],"jetpack_likes_enabled":true,"_links":{"self":[{"href":"https:\/\/www.dispatchbox.net\/index.php\/wp-json\/wp\/v2\/posts\/1610","targetHints":{"allow":["GET"]}}],"collection":[{"href":"https:\/\/www.dispatchbox.net\/index.php\/wp-json\/wp\/v2\/posts"}],"about":[{"href":"https:\/\/www.dispatchbox.net\/index.php\/wp-json\/wp\/v2\/types\/post"}],"author":[{"embeddable":true,"href":"https:\/\/www.dispatchbox.net\/index.php\/wp-json\/wp\/v2\/users\/9"}],"replies":[{"embeddable":true,"href":"https:\/\/www.dispatchbox.net\/index.php\/wp-json\/wp\/v2\/comments?post=1610"}],"version-history":[{"count":0,"href":"https:\/\/www.dispatchbox.net\/index.php\/wp-json\/wp\/v2\/posts\/1610\/revisions"}],"wp:attachment":[{"href":"https:\/\/www.dispatchbox.net\/index.php\/wp-json\/wp\/v2\/media?parent=1610"}],"wp:term":[{"taxonomy":"category","embeddable":true,"href":"https:\/\/www.dispatchbox.net\/index.php\/wp-json\/wp\/v2\/categories?post=1610"},{"taxonomy":"post_tag","embeddable":true,"href":"https:\/\/www.dispatchbox.net\/index.php\/wp-json\/wp\/v2\/tags?post=1610"}],"curies":[{"name":"wp","href":"https:\/\/api.w.org\/{rel}","templated":true}]}}