{"id":1626,"date":"2010-05-28T14:11:46","date_gmt":"2010-05-28T14:11:46","guid":{"rendered":"http:\/\/www.dispatchbox.net\/?p=1626"},"modified":"2012-04-17T06:26:20","modified_gmt":"2012-04-17T06:26:20","slug":"adrien-arcand-fuhrer-canadien","status":"publish","type":"post","link":"https:\/\/www.dispatchbox.net\/index.php\/2010\/05\/28\/adrien-arcand-fuhrer-canadien\/","title":{"rendered":"Adrien Arcand, F\u00fchrer canadien"},"content":{"rendered":"<p>Voi\u00adl\u00e0 un sujet pas\u00adsion\u00adnant, le livre vient de sor\u00adtir le 1er avril 2010 chez l\u2019\u00e9\u00addi\u00adteur qu\u00e9\u00adb\u00e9\u00adcois Lux (par ailleurs \u00e9di\u00adteur cana\u00addien fran\u00adco\u00adphone de trois tra\u00adduc\u00adtions des textes d\u2019 Howard Zinn&nbsp;: <em>La men\u00adta\u00adli\u00adt\u00e9 am\u00e9\u00adri\u00adcaine<\/em>, <em>Une his\u00adtoire popu\u00adlaire des \u00c9tats-Unis<\/em>, <em>Le XX<sup>e<\/sup> si\u00e8cle am\u00e9\u00adri\u00adcain<\/em>).<\/p>\n<p><em>Adrien Arcand, f\u00fch\u00adrer cana\u00addien<\/em>, Jean-Fran\u00ad\u00e7ois Nadeau. ISBN&nbsp;: 978\u200a\u2013\u200a2\u201189596\u200a\u2013\u200a100\u20110. 408 pages. Prix&nbsp;: 29,95 $ (CA)<\/p>\n<p><a href=\"http:\/\/www.dispatchbox.net\/wp-content\/adrienarcandunfuhrer2010.jpg\"><img fetchpriority=\"high\" decoding=\"async\" class=\"aligncenter size-full wp-image-1628\" title=\"adrienarcandunfuhrer2010\" src=\"http:\/\/www.dispatchbox.net\/wp-content\/adrienarcandunfuhrer2010.jpg\" alt width=\"300\" height=\"461\"><\/a><\/p>\n<p>L\u2019au\u00adteur s\u2019est expri\u00adm\u00e9 sur son ouvrage et l\u2019his\u00adtoire du nazisme qu\u00e9\u00adb\u00e9\u00adcois (entre\u00advue en 6 par\u00adties chez son \u00e9di\u00adteur). Jean-Fran\u00ad\u00e7ois Nadeau est uni\u00adver\u00adsi\u00adtaire (his\u00adtoire, science poli\u00adtique) et direc\u00adteur des pages cultu\u00adrelles du quo\u00adti\u00addien <em>Le Devoir<\/em>.<\/p>\n<p>httpv:\/\/www.youtube.com\/watch?v=R51ZamBVOGc<\/p>\n","protected":false},"excerpt":{"rendered":"<p>Voi\u00adl\u00e0 un sujet pas\u00adsion\u00adnant, le livre vient de sor\u00adtir le 1er avril 2010 chez l\u2019\u00e9\u00addi\u00adteur qu\u00e9\u00adb\u00e9\u00adcois Lux (par ailleurs \u00e9di\u00adteur cana\u00addien fran\u00adco\u00adphone de trois tra\u00adduc\u00adtions des textes d\u2019 Howard Zinn&nbsp;: La men\u00adta\u00adli\u00adt\u00e9 am\u00e9\u00adri\u00adcaine, Une his\u00adtoire popu\u00adlaire des \u00c9tats-Unis, Le XXe si\u00e8cle am\u00e9\u00adri\u00adcain). Adrien Arcand, f\u00fch\u00adrer cana\u00addien, Jean-Fran\u00ad\u00ad\u00e7ois Nadeau. ISBN&nbsp;: 978 \u2013 2\u201189596 \u2013 100\u20110. 408 pages. Prix&nbsp;: 29,95 $ (CA) L\u2019au\u00adteur s\u2019est expri\u00adm\u00e9 sur son ouvrage et l\u2019his\u00adtoire du nazisme qu\u00e9\u00adb\u00e9\u00adcois (entre\u00advue en 6 par\u00adties chez son \u00e9di\u00adteur). Jean-Fran\u00ad\u00ad\u00e7ois Nadeau est uni\u00adver\u00adsi\u00adtaire (his\u00adtoire, science poli\u00adtique) et direc\u00adteur des pages cultu\u00adrelles du quo\u00adti\u00addien Le Devoir. httpv:\/\/www.youtube.com\/watch?v=R51ZamBVOGc<\/p>\n","protected":false},"author":9,"featured_media":0,"comment_status":"open","ping_status":"open","sticky":false,"template":"","format":"standard","meta":{"wp_typography_post_enhancements_disabled":false,"_s2mail":"yes","_jetpack_newsletter_access":"","_jetpack_dont_email_post_to_subs":false,"_jetpack_newsletter_tier_id":0,"_jetpack_memberships_contains_paywalled_content":false,"_jetpack_memberships_contains_paid_content":false,"footnotes":""},"categories":[100,143,35,43,88,15,144],"tags":[276,270,273,275,281,268,272,278,267,260,282,269,284,271,283,274,277,280],"class_list":["post-1626","post","type-post","status-publish","format-standard","hentry","category-edition","category-histoire","category-lecture","category-librairie","category-litterature","category-livres","category-quebec","tag-action-francaise","tag-adrien-arcand","tag-agone","tag-canada","tag-commonwealth","tag-edition-quebecoise","tag-fascisme","tag-juifs","tag-lux","tag-montreal","tag-mussolini","tag-nadeau","tag-nationalisme","tag-nazisme","tag-patriotisme","tag-pnsc","tag-totalitarisme","tag-trudeau"],"yoast_head":"<!-- This site is optimized with the Yoast SEO plugin v27.4 - https:\/\/yoast.com\/product\/yoast-seo-wordpress\/ -->\n<title>Adrien Arcand, F\u00fchrer canadien - Dispatch\/Box<\/title>\n<meta name=\"robots\" content=\"index, follow, max-snippet:-1, max-image-preview:large, max-video-preview:-1\" \/>\n<link rel=\"canonical\" href=\"https:\/\/www.dispatchbox.net\/index.php\/2010\/05\/28\/adrien-arcand-fuhrer-canadien\/\" \/>\n<meta property=\"og:locale\" content=\"fr_FR\" \/>\n<meta property=\"og:type\" content=\"article\" \/>\n<meta property=\"og:title\" content=\"Adrien Arcand, F\u00fchrer canadien - Dispatch\/Box\" \/>\n<meta property=\"og:description\" content=\"Voi\u00adl\u00e0 un sujet pas\u00adsion\u00adnant, le livre vient de sor\u00adtir le 1er avril 2010 chez l\u2019\u00e9\u00addi\u00adteur qu\u00e9\u00adb\u00e9\u00adcois Lux (par ailleurs \u00e9di\u00adteur cana\u00addien fran\u00adco\u00adphone de trois tra\u00adduc\u00adtions des textes d\u2019 Howard Zinn&nbsp;: La men\u00adta\u00adli\u00adt\u00e9 am\u00e9\u00adri\u00adcaine, Une his\u00adtoire popu\u00adlaire des \u00c9tats-Unis, Le XXe si\u00e8cle am\u00e9\u00adri\u00adcain). Adrien Arcand, f\u00fch\u00adrer cana\u00addien, Jean-Fran\u00ad\u00e7ois Nadeau. ISBN&nbsp;: 978\u200a\u2013\u200a2\u201189596\u200a\u2013\u200a100\u20110. 408 pages. Prix&nbsp;: 29,95 $ (CA) L\u2019au\u00adteur s\u2019est expri\u00adm\u00e9 sur son ouvrage et l\u2019his\u00adtoire du nazisme qu\u00e9\u00adb\u00e9\u00adcois (entre\u00advue en 6 par\u00adties chez son \u00e9di\u00adteur). Jean-Fran\u00ad\u00e7ois Nadeau est uni\u00adver\u00adsi\u00adtaire (his\u00adtoire, science poli\u00adtique) et direc\u00adteur des pages cultu\u00adrelles du quo\u00adti\u00addien Le Devoir. httpv:\/\/www.youtube.com\/watch?v=R51ZamBVOGc\" \/>\n<meta property=\"og:url\" content=\"https:\/\/www.dispatchbox.net\/index.php\/2010\/05\/28\/adrien-arcand-fuhrer-canadien\/\" \/>\n<meta property=\"og:site_name\" content=\"Dispatch\/Box\" \/>\n<meta property=\"article:published_time\" content=\"2010-05-28T14:11:46+00:00\" \/>\n<meta property=\"article:modified_time\" content=\"2012-04-17T06:26:20+00:00\" \/>\n<meta property=\"og:image\" content=\"http:\/\/www.dispatchbox.net\/wp-content\/adrienarcandunfuhrer2010.jpg\" \/>\n<meta name=\"author\" content=\"Jeremy Jeanguenin\" \/>\n<meta name=\"twitter:card\" content=\"summary_large_image\" \/>\n<meta name=\"twitter:creator\" content=\"@dispatch_box\" \/>\n<meta name=\"twitter:site\" content=\"@dispatch_box\" \/>\n<meta name=\"twitter:label1\" content=\"\u00c9crit par\" \/>\n\t<meta name=\"twitter:data1\" content=\"Jeremy Jeanguenin\" \/>\n\t<meta name=\"twitter:label2\" content=\"Dur\u00e9e de lecture estim\u00e9e\" \/>\n\t<meta name=\"twitter:data2\" content=\"1 minute\" \/>\n<script type=\"application\/ld+json\" class=\"yoast-schema-graph\">{\"@context\":\"https:\\\/\\\/schema.org\",\"@graph\":[{\"@type\":\"Article\",\"@id\":\"https:\\\/\\\/www.dispatchbox.net\\\/index.php\\\/2010\\\/05\\\/28\\\/adrien-arcand-fuhrer-canadien\\\/#article\",\"isPartOf\":{\"@id\":\"https:\\\/\\\/www.dispatchbox.net\\\/index.php\\\/2010\\\/05\\\/28\\\/adrien-arcand-fuhrer-canadien\\\/\"},\"author\":{\"name\":\"Jeremy Jeanguenin\",\"@id\":\"https:\\\/\\\/www.dispatchbox.net\\\/#\\\/schema\\\/person\\\/9db7c9c41e0594fa08428d8b7007e253\"},\"headline\":\"Adrien Arcand, F\u00fchrer canadien\",\"datePublished\":\"2010-05-28T14:11:46+00:00\",\"dateModified\":\"2012-04-17T06:26:20+00:00\",\"mainEntityOfPage\":{\"@id\":\"https:\\\/\\\/www.dispatchbox.net\\\/index.php\\\/2010\\\/05\\\/28\\\/adrien-arcand-fuhrer-canadien\\\/\"},\"wordCount\":115,\"commentCount\":0,\"image\":{\"@id\":\"https:\\\/\\\/www.dispatchbox.net\\\/index.php\\\/2010\\\/05\\\/28\\\/adrien-arcand-fuhrer-canadien\\\/#primaryimage\"},\"thumbnailUrl\":\"http:\\\/\\\/www.dispatchbox.net\\\/wp-content\\\/adrienarcandunfuhrer2010.jpg\",\"keywords\":[\"Action fran\u00e7aise\",\"Adrien Arcand\",\"Agone\",\"Canada\",\"Commonwealth\",\"\u00e9dition qu\u00e9b\u00e9coise\",\"fascisme\",\"juifs\",\"Lux\",\"Montr\u00e9al\",\"Mussolini\",\"Nadeau\",\"nationalisme\",\"Nazisme\",\"Patriotisme\",\"PNSC\",\"totalitarisme\",\"Trudeau\"],\"articleSection\":[\"\u00e9dition\",\"Histoire\",\"Lecture\",\"Librairie\",\"Litt\u00e9rature\",\"Livres\",\"Qu\u00e9bec\"],\"inLanguage\":\"fr-FR\",\"potentialAction\":[{\"@type\":\"CommentAction\",\"name\":\"Comment\",\"target\":[\"https:\\\/\\\/www.dispatchbox.net\\\/index.php\\\/2010\\\/05\\\/28\\\/adrien-arcand-fuhrer-canadien\\\/#respond\"]}]},{\"@type\":\"WebPage\",\"@id\":\"https:\\\/\\\/www.dispatchbox.net\\\/index.php\\\/2010\\\/05\\\/28\\\/adrien-arcand-fuhrer-canadien\\\/\",\"url\":\"https:\\\/\\\/www.dispatchbox.net\\\/index.php\\\/2010\\\/05\\\/28\\\/adrien-arcand-fuhrer-canadien\\\/\",\"name\":\"Adrien Arcand, F\u00fchrer canadien - Dispatch\\\/Box\",\"isPartOf\":{\"@id\":\"https:\\\/\\\/www.dispatchbox.net\\\/#website\"},\"primaryImageOfPage\":{\"@id\":\"https:\\\/\\\/www.dispatchbox.net\\\/index.php\\\/2010\\\/05\\\/28\\\/adrien-arcand-fuhrer-canadien\\\/#primaryimage\"},\"image\":{\"@id\":\"https:\\\/\\\/www.dispatchbox.net\\\/index.php\\\/2010\\\/05\\\/28\\\/adrien-arcand-fuhrer-canadien\\\/#primaryimage\"},\"thumbnailUrl\":\"http:\\\/\\\/www.dispatchbox.net\\\/wp-content\\\/adrienarcandunfuhrer2010.jpg\",\"datePublished\":\"2010-05-28T14:11:46+00:00\",\"dateModified\":\"2012-04-17T06:26:20+00:00\",\"author\":{\"@id\":\"https:\\\/\\\/www.dispatchbox.net\\\/#\\\/schema\\\/person\\\/9db7c9c41e0594fa08428d8b7007e253\"},\"breadcrumb\":{\"@id\":\"https:\\\/\\\/www.dispatchbox.net\\\/index.php\\\/2010\\\/05\\\/28\\\/adrien-arcand-fuhrer-canadien\\\/#breadcrumb\"},\"inLanguage\":\"fr-FR\",\"potentialAction\":[{\"@type\":\"ReadAction\",\"target\":[\"https:\\\/\\\/www.dispatchbox.net\\\/index.php\\\/2010\\\/05\\\/28\\\/adrien-arcand-fuhrer-canadien\\\/\"]}]},{\"@type\":\"ImageObject\",\"inLanguage\":\"fr-FR\",\"@id\":\"https:\\\/\\\/www.dispatchbox.net\\\/index.php\\\/2010\\\/05\\\/28\\\/adrien-arcand-fuhrer-canadien\\\/#primaryimage\",\"url\":\"http:\\\/\\\/www.dispatchbox.net\\\/wp-content\\\/adrienarcandunfuhrer2010.jpg\",\"contentUrl\":\"http:\\\/\\\/www.dispatchbox.net\\\/wp-content\\\/adrienarcandunfuhrer2010.jpg\"},{\"@type\":\"BreadcrumbList\",\"@id\":\"https:\\\/\\\/www.dispatchbox.net\\\/index.php\\\/2010\\\/05\\\/28\\\/adrien-arcand-fuhrer-canadien\\\/#breadcrumb\",\"itemListElement\":[{\"@type\":\"ListItem\",\"position\":1,\"name\":\"Accueil\",\"item\":\"https:\\\/\\\/www.dispatchbox.net\\\/\"},{\"@type\":\"ListItem\",\"position\":2,\"name\":\"Adrien Arcand, F\u00fchrer canadien\"}]},{\"@type\":\"WebSite\",\"@id\":\"https:\\\/\\\/www.dispatchbox.net\\\/#website\",\"url\":\"https:\\\/\\\/www.dispatchbox.net\\\/\",\"name\":\"Dispatch\\\/Box\",\"description\":\"Fr\u00e9quences, traces\",\"potentialAction\":[{\"@type\":\"SearchAction\",\"target\":{\"@type\":\"EntryPoint\",\"urlTemplate\":\"https:\\\/\\\/www.dispatchbox.net\\\/?s={search_term_string}\"},\"query-input\":{\"@type\":\"PropertyValueSpecification\",\"valueRequired\":true,\"valueName\":\"search_term_string\"}}],\"inLanguage\":\"fr-FR\"},{\"@type\":\"Person\",\"@id\":\"https:\\\/\\\/www.dispatchbox.net\\\/#\\\/schema\\\/person\\\/9db7c9c41e0594fa08428d8b7007e253\",\"name\":\"Jeremy Jeanguenin\",\"image\":{\"@type\":\"ImageObject\",\"inLanguage\":\"fr-FR\",\"@id\":\"https:\\\/\\\/secure.gravatar.com\\\/avatar\\\/98e01d167bac107d0cfb72961cbd217cb5ed9cb0ae7af475c17cb6b1a005d01f?s=96&d=mm&r=g\",\"url\":\"https:\\\/\\\/secure.gravatar.com\\\/avatar\\\/98e01d167bac107d0cfb72961cbd217cb5ed9cb0ae7af475c17cb6b1a005d01f?s=96&d=mm&r=g\",\"contentUrl\":\"https:\\\/\\\/secure.gravatar.com\\\/avatar\\\/98e01d167bac107d0cfb72961cbd217cb5ed9cb0ae7af475c17cb6b1a005d01f?s=96&d=mm&r=g\",\"caption\":\"Jeremy Jeanguenin\"},\"sameAs\":[\"http:\\\/\\\/www.dispatchbox.net\"],\"url\":\"https:\\\/\\\/www.dispatchbox.net\\\/index.php\\\/author\\\/admin-2\\\/\"}]}<\/script>\n<!-- \/ Yoast SEO plugin. -->","yoast_head_json":{"title":"Adrien Arcand, F\u00fchrer canadien - Dispatch\/Box","robots":{"index":"index","follow":"follow","max-snippet":"max-snippet:-1","max-image-preview":"max-image-preview:large","max-video-preview":"max-video-preview:-1"},"canonical":"https:\/\/www.dispatchbox.net\/index.php\/2010\/05\/28\/adrien-arcand-fuhrer-canadien\/","og_locale":"fr_FR","og_type":"article","og_title":"Adrien Arcand, F\u00fchrer canadien - Dispatch\/Box","og_description":"Voi\u00adl\u00e0 un sujet pas\u00adsion\u00adnant, le livre vient de sor\u00adtir le 1er avril 2010 chez l\u2019\u00e9\u00addi\u00adteur qu\u00e9\u00adb\u00e9\u00adcois Lux (par ailleurs \u00e9di\u00adteur cana\u00addien fran\u00adco\u00adphone de trois tra\u00adduc\u00adtions des textes d\u2019 Howard Zinn&nbsp;: La men\u00adta\u00adli\u00adt\u00e9 am\u00e9\u00adri\u00adcaine, Une his\u00adtoire popu\u00adlaire des \u00c9tats-Unis, Le XXe si\u00e8cle am\u00e9\u00adri\u00adcain). Adrien Arcand, f\u00fch\u00adrer cana\u00addien, Jean-Fran\u00ad\u00e7ois Nadeau. ISBN&nbsp;: 978\u200a\u2013\u200a2\u201189596\u200a\u2013\u200a100\u20110. 408 pages. Prix&nbsp;: 29,95 $ (CA) L\u2019au\u00adteur s\u2019est expri\u00adm\u00e9 sur son ouvrage et l\u2019his\u00adtoire du nazisme qu\u00e9\u00adb\u00e9\u00adcois (entre\u00advue en 6 par\u00adties chez son \u00e9di\u00adteur). Jean-Fran\u00ad\u00e7ois Nadeau est uni\u00adver\u00adsi\u00adtaire (his\u00adtoire, science poli\u00adtique) et direc\u00adteur des pages cultu\u00adrelles du quo\u00adti\u00addien Le Devoir. httpv:\/\/www.youtube.com\/watch?v=R51ZamBVOGc","og_url":"https:\/\/www.dispatchbox.net\/index.php\/2010\/05\/28\/adrien-arcand-fuhrer-canadien\/","og_site_name":"Dispatch\/Box","article_published_time":"2010-05-28T14:11:46+00:00","article_modified_time":"2012-04-17T06:26:20+00:00","og_image":[{"url":"http:\/\/www.dispatchbox.net\/wp-content\/adrienarcandunfuhrer2010.jpg","type":"","width":"","height":""}],"author":"Jeremy Jeanguenin","twitter_card":"summary_large_image","twitter_creator":"@dispatch_box","twitter_site":"@dispatch_box","twitter_misc":{"\u00c9crit par":"Jeremy Jeanguenin","Dur\u00e9e de lecture estim\u00e9e":"1 minute"},"schema":{"@context":"https:\/\/schema.org","@graph":[{"@type":"Article","@id":"https:\/\/www.dispatchbox.net\/index.php\/2010\/05\/28\/adrien-arcand-fuhrer-canadien\/#article","isPartOf":{"@id":"https:\/\/www.dispatchbox.net\/index.php\/2010\/05\/28\/adrien-arcand-fuhrer-canadien\/"},"author":{"name":"Jeremy Jeanguenin","@id":"https:\/\/www.dispatchbox.net\/#\/schema\/person\/9db7c9c41e0594fa08428d8b7007e253"},"headline":"Adrien Arcand, F\u00fchrer canadien","datePublished":"2010-05-28T14:11:46+00:00","dateModified":"2012-04-17T06:26:20+00:00","mainEntityOfPage":{"@id":"https:\/\/www.dispatchbox.net\/index.php\/2010\/05\/28\/adrien-arcand-fuhrer-canadien\/"},"wordCount":115,"commentCount":0,"image":{"@id":"https:\/\/www.dispatchbox.net\/index.php\/2010\/05\/28\/adrien-arcand-fuhrer-canadien\/#primaryimage"},"thumbnailUrl":"http:\/\/www.dispatchbox.net\/wp-content\/adrienarcandunfuhrer2010.jpg","keywords":["Action fran\u00e7aise","Adrien Arcand","Agone","Canada","Commonwealth","\u00e9dition qu\u00e9b\u00e9coise","fascisme","juifs","Lux","Montr\u00e9al","Mussolini","Nadeau","nationalisme","Nazisme","Patriotisme","PNSC","totalitarisme","Trudeau"],"articleSection":["\u00e9dition","Histoire","Lecture","Librairie","Litt\u00e9rature","Livres","Qu\u00e9bec"],"inLanguage":"fr-FR","potentialAction":[{"@type":"CommentAction","name":"Comment","target":["https:\/\/www.dispatchbox.net\/index.php\/2010\/05\/28\/adrien-arcand-fuhrer-canadien\/#respond"]}]},{"@type":"WebPage","@id":"https:\/\/www.dispatchbox.net\/index.php\/2010\/05\/28\/adrien-arcand-fuhrer-canadien\/","url":"https:\/\/www.dispatchbox.net\/index.php\/2010\/05\/28\/adrien-arcand-fuhrer-canadien\/","name":"Adrien Arcand, F\u00fchrer canadien - Dispatch\/Box","isPartOf":{"@id":"https:\/\/www.dispatchbox.net\/#website"},"primaryImageOfPage":{"@id":"https:\/\/www.dispatchbox.net\/index.php\/2010\/05\/28\/adrien-arcand-fuhrer-canadien\/#primaryimage"},"image":{"@id":"https:\/\/www.dispatchbox.net\/index.php\/2010\/05\/28\/adrien-arcand-fuhrer-canadien\/#primaryimage"},"thumbnailUrl":"http:\/\/www.dispatchbox.net\/wp-content\/adrienarcandunfuhrer2010.jpg","datePublished":"2010-05-28T14:11:46+00:00","dateModified":"2012-04-17T06:26:20+00:00","author":{"@id":"https:\/\/www.dispatchbox.net\/#\/schema\/person\/9db7c9c41e0594fa08428d8b7007e253"},"breadcrumb":{"@id":"https:\/\/www.dispatchbox.net\/index.php\/2010\/05\/28\/adrien-arcand-fuhrer-canadien\/#breadcrumb"},"inLanguage":"fr-FR","potentialAction":[{"@type":"ReadAction","target":["https:\/\/www.dispatchbox.net\/index.php\/2010\/05\/28\/adrien-arcand-fuhrer-canadien\/"]}]},{"@type":"ImageObject","inLanguage":"fr-FR","@id":"https:\/\/www.dispatchbox.net\/index.php\/2010\/05\/28\/adrien-arcand-fuhrer-canadien\/#primaryimage","url":"http:\/\/www.dispatchbox.net\/wp-content\/adrienarcandunfuhrer2010.jpg","contentUrl":"http:\/\/www.dispatchbox.net\/wp-content\/adrienarcandunfuhrer2010.jpg"},{"@type":"BreadcrumbList","@id":"https:\/\/www.dispatchbox.net\/index.php\/2010\/05\/28\/adrien-arcand-fuhrer-canadien\/#breadcrumb","itemListElement":[{"@type":"ListItem","position":1,"name":"Accueil","item":"https:\/\/www.dispatchbox.net\/"},{"@type":"ListItem","position":2,"name":"Adrien Arcand, F\u00fchrer canadien"}]},{"@type":"WebSite","@id":"https:\/\/www.dispatchbox.net\/#website","url":"https:\/\/www.dispatchbox.net\/","name":"Dispatch\/Box","description":"Fr\u00e9quences, traces","potentialAction":[{"@type":"SearchAction","target":{"@type":"EntryPoint","urlTemplate":"https:\/\/www.dispatchbox.net\/?s={search_term_string}"},"query-input":{"@type":"PropertyValueSpecification","valueRequired":true,"valueName":"search_term_string"}}],"inLanguage":"fr-FR"},{"@type":"Person","@id":"https:\/\/www.dispatchbox.net\/#\/schema\/person\/9db7c9c41e0594fa08428d8b7007e253","name":"Jeremy Jeanguenin","image":{"@type":"ImageObject","inLanguage":"fr-FR","@id":"https:\/\/secure.gravatar.com\/avatar\/98e01d167bac107d0cfb72961cbd217cb5ed9cb0ae7af475c17cb6b1a005d01f?s=96&d=mm&r=g","url":"https:\/\/secure.gravatar.com\/avatar\/98e01d167bac107d0cfb72961cbd217cb5ed9cb0ae7af475c17cb6b1a005d01f?s=96&d=mm&r=g","contentUrl":"https:\/\/secure.gravatar.com\/avatar\/98e01d167bac107d0cfb72961cbd217cb5ed9cb0ae7af475c17cb6b1a005d01f?s=96&d=mm&r=g","caption":"Jeremy Jeanguenin"},"sameAs":["http:\/\/www.dispatchbox.net"],"url":"https:\/\/www.dispatchbox.net\/index.php\/author\/admin-2\/"}]}},"jetpack_featured_media_url":"","acf":[],"jetpack_shortlink":"https:\/\/wp.me\/pyfbn-qe","jetpack_sharing_enabled":true,"jetpack-related-posts":[{"id":1745,"url":"https:\/\/www.dispatchbox.net\/index.php\/2010\/08\/02\/libertes-toujours\/","url_meta":{"origin":1626,"position":0},"title":"Libert\u00e9s, toujours","author":"Jeremy Jeanguenin","date":"02\/08\/2010","format":false,"excerpt":"Dans ma biblioth\u00e8que. Trois titres du catalogue de Jean-Jacques Pauvert \u00e9diteur, dans la collection \"Libert\u00e9s\" (petit format in-12) dont les couvertures sont sign\u00e9es Pierre Faucheux, et dont les th\u00e9matiques sont toujours d'actualit\u00e9 (ici, respectivement) : la guerre, le centrisme, la la\u00efcit\u00e9. Vietnam, de Mary McCarthy (1968) Le Parti gris, d'Henri\u2026","rel":"","context":"Dans &quot;Culture de l'\u00e9crit&quot;","block_context":{"text":"Culture de l'\u00e9crit","link":"https:\/\/www.dispatchbox.net\/index.php\/category\/culture-de-lecrit\/"},"img":{"alt_text":"","src":"https:\/\/i0.wp.com\/www.dispatchbox.net\/wp-content\/pauvert_libert%C3%A9s.jpg?resize=350%2C200","width":350,"height":200,"srcset":"https:\/\/i0.wp.com\/www.dispatchbox.net\/wp-content\/pauvert_libert%C3%A9s.jpg?resize=350%2C200 1x, https:\/\/i0.wp.com\/www.dispatchbox.net\/wp-content\/pauvert_libert%C3%A9s.jpg?resize=525%2C300 1.5x"},"classes":[]},{"id":2718,"url":"https:\/\/www.dispatchbox.net\/index.php\/2015\/03\/22\/pierre-faucheux-jazz\/","url_meta":{"origin":1626,"position":1},"title":"Pierre Faucheux \/&nbsp;Jazz","author":"Jeremy Jeanguenin","date":"22\/03\/2015","format":false,"excerpt":"J'admire depuis ma p\u00e9riode \u00e9tudiante le travail de Pierre Faucheux. Je d\u00e9nichais avec avidit\u00e9 ses \"vieilles\" couvertures pour les premiers livres de poche et dans la plus d\u00e9pouill\u00e9 collection \"Libert\u00e9\" chez Jean-Jacques Pauvert au march\u00e9 du livre du parc Georges-Brassens, dans le 15e arrondissement. C'est l'occasion de pr\u00e9senter deux couvertures\u2026","rel":"","context":"Dans &quot;Art&quot;","block_context":{"text":"Art","link":"https:\/\/www.dispatchbox.net\/index.php\/category\/art\/"},"img":{"alt_text":"zizique_vian_pauvert","src":"https:\/\/i0.wp.com\/www.dispatchbox.net\/wp-content\/zizique_vian_pauvert-193x300.jpg?resize=350%2C200","width":350,"height":200},"classes":[]},{"id":1595,"url":"https:\/\/www.dispatchbox.net\/index.php\/2010\/05\/29\/patrick-straram-indexindices\/","url_meta":{"origin":1626,"position":2},"title":"Patrick Straram, index\/indices","author":"Jeremy Jeanguenin","date":"29\/05\/2010","format":false,"excerpt":"Patrick Straram (Paris, 12 janvier 1934 \u2013 3 mars 1988) est un \u00e9crivain qu\u00e9b\u00e9cois d'origine fran\u00e7aise qui a particip\u00e9 \u00e0 l'aventure de l'internationale lettriste de 1950 \u00e0 1953. On lui doit, pass\u00e9e cette courte p\u00e9riode \u2013 mise en lumi\u00e8re \u00e0 partir de documents in\u00e9dits en 2006 dans une perspective de\u2026","rel":"","context":"Dans &quot;Art&quot;","block_context":{"text":"Art","link":"https:\/\/www.dispatchbox.net\/index.php\/category\/art\/"},"img":{"alt_text":"","src":"https:\/\/i0.wp.com\/www.dispatchbox.net\/wp-content\/Patrick_Straram.jpg?resize=350%2C200","width":350,"height":200},"classes":[]},{"id":1755,"url":"https:\/\/www.dispatchbox.net\/index.php\/2010\/08\/13\/jaime-semprun-1947-2010\/","url_meta":{"origin":1626,"position":3},"title":"Jaime Semprun (1947\u200a\u2013\u200a2010)","author":"Jeremy Jeanguenin","date":"13\/08\/2010","format":false,"excerpt":"Mais quelques livres existent qui permettent d'apercevoir, comme en moins grand nombre certaines rencontres, un monde plus abouti que l'infecte d\u00e9composition pr\u00e9sente. Jaime Semprun s'est \u00e9teint le 3 ao\u00fbt 2010, dans la discr\u00e9tion qui caract\u00e9risait sa vie. Fils de l'\u00e9crivain Jorge Semprun, il fut l'un des derniers collaborateurs de Guy\u2026","rel":"","context":"Dans &quot;Biblioth\u00e8ques&quot;","block_context":{"text":"Biblioth\u00e8ques","link":"https:\/\/www.dispatchbox.net\/index.php\/category\/bibliotheques\/"},"img":{"alt_text":"","src":"https:\/\/i0.wp.com\/www.dispatchbox.net\/wp-content\/9782910386306.jpeg?resize=350%2C200","width":350,"height":200},"classes":[]},{"id":2032,"url":"https:\/\/www.dispatchbox.net\/index.php\/2011\/08\/29\/maus-enfin-traduit-en-polonais\/","url_meta":{"origin":1626,"position":4},"title":"Maus enfin traduit en polonais","author":"Jeremy Jeanguenin","date":"29\/08\/2011","format":false,"excerpt":"La bande dessin\u00e9e Maus, chef d'oeuvre d'Art Spiegelman, unique en son genre (d\u00e9ploiement narratif dans un contexte hyperr\u00e9aliste, allers-retours temporels, sens de l'all\u00e9gorie, jeux de langage) est enfin lisible depuis 2010 pour le public polonais, sous le titre Maus : Wydanie zbiorcze. C'est Piotr Bikont qui s'est charg\u00e9 de la\u2026","rel":"","context":"Dans &quot;Art&quot;","block_context":{"text":"Art","link":"https:\/\/www.dispatchbox.net\/index.php\/category\/art\/"},"img":{"alt_text":"","src":"https:\/\/i0.wp.com\/www.dispatchbox.net\/wp-content\/maus-1.jpg?resize=350%2C200","width":350,"height":200},"classes":[]},{"id":2565,"url":"https:\/\/www.dispatchbox.net\/index.php\/2013\/12\/10\/la-contrebasse-selon-berlioz\/","url_meta":{"origin":1626,"position":5},"title":"La contrebasse selon Berlioz","author":"Jeremy Jeanguenin","date":"10\/12\/2013","format":false,"excerpt":"\u00a0 Hector Berlioz, dans son Trait\u00e9 d'instrumentation (\u00e9dition revue et augment\u00e9e de 1855, Henry Lemoine & Cie \u00c9diteurs), aborde, dans le chapitre d\u00e9di\u00e9 aux cordes, le r\u00f4le de la contrebasse. Il est int\u00e9ressant qu'il situe la contrebasse dans l'orchestre comme un instrument devant \u00eatre pleinement pens\u00e9 par le compositeur. En\u2026","rel":"","context":"Dans &quot;Basse&quot;","block_context":{"text":"Basse","link":"https:\/\/www.dispatchbox.net\/index.php\/category\/basse\/"},"img":{"alt_text":"uprightbass_5_string","src":"https:\/\/i0.wp.com\/www.dispatchbox.net\/wp-content\/UB_double_bass_5_string-640x1024.jpg?resize=350%2C200","width":350,"height":200},"classes":[]}],"jetpack_likes_enabled":true,"_links":{"self":[{"href":"https:\/\/www.dispatchbox.net\/index.php\/wp-json\/wp\/v2\/posts\/1626","targetHints":{"allow":["GET"]}}],"collection":[{"href":"https:\/\/www.dispatchbox.net\/index.php\/wp-json\/wp\/v2\/posts"}],"about":[{"href":"https:\/\/www.dispatchbox.net\/index.php\/wp-json\/wp\/v2\/types\/post"}],"author":[{"embeddable":true,"href":"https:\/\/www.dispatchbox.net\/index.php\/wp-json\/wp\/v2\/users\/9"}],"replies":[{"embeddable":true,"href":"https:\/\/www.dispatchbox.net\/index.php\/wp-json\/wp\/v2\/comments?post=1626"}],"version-history":[{"count":0,"href":"https:\/\/www.dispatchbox.net\/index.php\/wp-json\/wp\/v2\/posts\/1626\/revisions"}],"wp:attachment":[{"href":"https:\/\/www.dispatchbox.net\/index.php\/wp-json\/wp\/v2\/media?parent=1626"}],"wp:term":[{"taxonomy":"category","embeddable":true,"href":"https:\/\/www.dispatchbox.net\/index.php\/wp-json\/wp\/v2\/categories?post=1626"},{"taxonomy":"post_tag","embeddable":true,"href":"https:\/\/www.dispatchbox.net\/index.php\/wp-json\/wp\/v2\/tags?post=1626"}],"curies":[{"name":"wp","href":"https:\/\/api.w.org\/{rel}","templated":true}]}}